{"id":782,"date":"2020-11-23T20:05:17","date_gmt":"2020-11-23T19:05:17","guid":{"rendered":"https:\/\/www.seguros-comercios.es\/blog\/?p=782"},"modified":"2024-09-22T04:56:44","modified_gmt":"2024-09-22T03:56:44","slug":"el-comercio-justo-llego-para-quedarse-en-espana","status":"publish","type":"post","link":"https:\/\/www.seguros-comercios.es\/blog\/el-comercio-justo-llego-para-quedarse-en-espana\/11\/2020\/","title":{"rendered":"El comercio Justo lleg\u00f3 para quedarse en Espa\u00f1a"},"content":{"rendered":"<p>En los \u00faltimos 6 a\u00f1os en Espa\u00f1a se ha visto un alza de un 354% en la venta de productos de Comercio Justo Certificados. Dicha tendencia ha sido liderada por el sello de certificaci\u00f3n Fairtrade que por fortuna se ha convertido en la realidad actual de la compra de productos. Esto es \u00edndice de que <strong>el comercio Justo lleg\u00f3 para quedarse en Espa\u00f1a<\/strong>.<\/p>\n<div id=\"ez-toc-container\" class=\"ez-toc-v2_0_82_2 counter-hierarchy ez-toc-counter ez-toc-grey ez-toc-container-direction\">\n<div class=\"ez-toc-title-container\">\n<p class=\"ez-toc-title\" style=\"cursor:inherit\">Table of Contents<\/p>\n<span class=\"ez-toc-title-toggle\"><a href=\"#\" class=\"ez-toc-pull-right ez-toc-btn ez-toc-btn-xs ez-toc-btn-default ez-toc-toggle\" aria-label=\"Alternar tabla de contenidos\"><span class=\"ez-toc-js-icon-con\"><span class=\"\"><span class=\"eztoc-hide\" style=\"display:none;\">Toggle<\/span><span class=\"ez-toc-icon-toggle-span\"><svg style=\"fill: #999;color:#999\" xmlns=\"http:\/\/www.w3.org\/2000\/svg\" class=\"list-377408\" width=\"20px\" height=\"20px\" viewBox=\"0 0 24 24\" fill=\"none\"><path d=\"M6 6H4v2h2V6zm14 0H8v2h12V6zM4 11h2v2H4v-2zm16 0H8v2h12v-2zM4 16h2v2H4v-2zm16 0H8v2h12v-2z\" fill=\"currentColor\"><\/path><\/svg><svg style=\"fill: #999;color:#999\" class=\"arrow-unsorted-368013\" xmlns=\"http:\/\/www.w3.org\/2000\/svg\" width=\"10px\" height=\"10px\" viewBox=\"0 0 24 24\" version=\"1.2\" baseProfile=\"tiny\"><path d=\"M18.2 9.3l-6.2-6.3-6.2 6.3c-.2.2-.3.4-.3.7s.1.5.3.7c.2.2.4.3.7.3h11c.3 0 .5-.1.7-.3.2-.2.3-.5.3-.7s-.1-.5-.3-.7zM5.8 14.7l6.2 6.3 6.2-6.3c.2-.2.3-.5.3-.7s-.1-.5-.3-.7c-.2-.2-.4-.3-.7-.3h-11c-.3 0-.5.1-.7.3-.2.2-.3.5-.3.7s.1.5.3.7z\"\/><\/svg><\/span><\/span><\/span><\/a><\/span><\/div>\n<nav><ul class='ez-toc-list ez-toc-list-level-1 ' ><li class='ez-toc-page-1 ez-toc-heading-level-2'><a class=\"ez-toc-link ez-toc-heading-1\" href=\"https:\/\/www.seguros-comercios.es\/blog\/el-comercio-justo-llego-para-quedarse-en-espana\/11\/2020\/#Comercio_justo_en_Espana_llego_para_quedarse\" >Comercio justo en Espa\u00f1a lleg\u00f3 para quedarse<\/a><\/li><li class='ez-toc-page-1 ez-toc-heading-level-2'><a class=\"ez-toc-link ez-toc-heading-2\" href=\"https:\/\/www.seguros-comercios.es\/blog\/el-comercio-justo-llego-para-quedarse-en-espana\/11\/2020\/#Aumento_de_ventas_de_productos_de_Comercio_Justo_por_pais\" >Aumento de ventas de productos de Comercio Justo por pa\u00eds<\/a><\/li><\/ul><\/nav><\/div>\n<h2><span class=\"ez-toc-section\" id=\"Comercio_justo_en_Espana_llego_para_quedarse\"><\/span>Comercio justo en Espa\u00f1a lleg\u00f3 para quedarse<span class=\"ez-toc-section-end\"><\/span><\/h2>\n<p>En los \u00faltimos 6 a\u00f1os el Comercio Justo tuvo un aumento de un 354% en Espa\u00f1a.\u00a0 A pesar de que el aumento en la venta de estos productos ha tenido un aumento constante desde el a\u00f1o 2014, es desde el 2018 cuando se empieza a notar un real cambio, aumentado en un 20% en solo dos a\u00f1os.<\/p>\n<blockquote><p>Utilice siempre el mejor <a href=\"https:\/\/seguros-de-comercios.seguros-generales.es\/\" target=\"_blank\" rel=\"noopener\">comparador de seguros de comercio<\/a> para encontrar y contratar el mejor seguro disponible.<\/p><\/blockquote>\n<p>El presidente de Fairtrade Ib\u00e9rica, Roberto Ballester, se\u00f1al\u00f3, en la presentaci\u00f3n del XV aniversario del sello l\u00edder en la certificaci\u00f3n de productos de Comercio justo, que Espa\u00f1a est\u00e1 en una etapa relevante para la producci\u00f3n de un cambio de modelo empresarial. Al igual que en el mercado.<\/p>\n<p>Este comenta que actualmente se est\u00e1 haciendo un nuevo boceto del papel de la empresa espa\u00f1ola en la sociedad. Y que cada d\u00eda se tiene m\u00e1s conciencia de las necesidades de crear buenas empresas. As\u00ed como para la construcci\u00f3n de una buena sociedad.<\/p>\n<p>De tal manera, el sello de certificaci\u00f3n de productos de Comercio Justo Fairtrade. se enfoca en dar respuestas r\u00e1pidas a las diferentes demandas de los consumidores. Posicionando marcas nuevas como empresas sostenibles. Y tambi\u00e9n en hacer del planeta un mejor lugar, m\u00e1s justo y m\u00e1s sostenible para toda la poblaci\u00f3n.<\/p>\n<p>Incluso, el sello Fairtrade se ha convertido en el l\u00edder del mercado de productos de Comercio Justo. Ya que actualmente representa un <strong>94%<\/strong> de los productos que se venden en Espa\u00f1a con el sello de Comercio Justo.<\/p>\n<h2><span class=\"ez-toc-section\" id=\"Aumento_de_ventas_de_productos_de_Comercio_Justo_por_pais\"><\/span>Aumento de ventas de productos de Comercio Justo por pa\u00eds<span class=\"ez-toc-section-end\"><\/span><\/h2>\n<p>En el 2019, la val\u00eda de ventas de productos que llevan el sello Fairtrade en la Pen\u00ednsula Ib\u00e9rica tuvo un levantamiento superior a los 170 millones de euros. Lo que significa un crecimiento medio de un 81%.<\/p>\n<p>Si se realiza una medici\u00f3n por pa\u00eds, <strong>Espa\u00f1a se ubica con un incremento de 88%, c<\/strong>on un monto de 130 millones de euros. Mientras que Portugal se ubica con 40 millones de euros en un 62% de aumento de ventas de productos de Comercio Justo.<\/p>\n<p>En este sentido, en Espa\u00f1a se registr\u00f3 la venta de unas 269 marcas y de estas, cerca de 1800 referencias comerciales tienen sello de certificaci\u00f3n de Comercio Justo Fairtrade. Lo que representa un aumento de un 35% en relaci\u00f3n con el a\u00f1o 2018.<\/p>\n<blockquote><p>Revise ahora los mejores <a href=\"https:\/\/www.seguros-generales.es\/\" target=\"_blank\" rel=\"noopener\">seguros de comercios<\/a>, para que realice la mejor elecci\u00f3n<\/p><\/blockquote>\n<p>Dichas ventas por parte de espa\u00f1oles y portugueses han ayudado de manera directa con m\u00e1s de 1.1 millones de euros a los peque\u00f1os productores del pa\u00eds, por medio de la Prima Fairtrade.<\/p>\n<p>As\u00ed, en el a\u00f1o 2019 la alimentaci\u00f3n contin\u00faa siendo la protagonista del Comercio Justo, ubic\u00e1ndose con un 97% de ventas. Mayormente con productos estrellas como el az\u00facar, los dulces y el cacao.<\/p>\n<p>En Espa\u00f1a el consumo medio por persona en productos de Comercio Justo aument\u00f3 en 2.92 euros. Lo que supone un aumento mayor en los \u00faltimos a\u00f1os, vi\u00e9ndose que en 2018 el incremento por habitante fue de 1.67 euros<\/p>\n<p>Mientras que en Portugal el consumo medio por persona se ubica muy cerca de 3.9 euros. Lo que hace una medida de 3 euros\/persona en la Pen\u00ednsula Ib\u00e9rica.<\/p>\n<p>En este sentido, el director de Fairtrade Ib\u00e9rica, \u00c1lvaro Goicochea afirm\u00f3 que el pa\u00eds se encuentra en un importante punto de inflexi\u00f3n, en lo que se refiere a ventas de productos de Comercio Justo Fairtrade. Ya que los consumidores lograron entender que la ayuda viene de sus manos, haciendo compras responsables y sostenibles, para los m\u00e1s vulnerables.<\/p>\n<p>Mientras que las marcas descubren una v\u00eda que les permite diferenciarse y posicionarse como empresas sostenibles. Conectando con sus consumidores y creando v\u00ednculos s\u00f3lidos.<\/p>\n<p>Por otra parte, en todo el mundo, el sello de <strong>certificaci\u00f3n Fairtrade tambi\u00e9n es considerado como l\u00edder de productos de Comercio Justo.<\/strong> Pues tiene presencia en unos 160 pa\u00edses con unos 35000 productos certificados. Logrando ventas de m\u00e1s de 10000 millones de euros a nivel mundial.<\/p>\n<blockquote><p>Recuerde contratar el mejor <a href=\"https:\/\/www.seguros-comercios.es\">seguro de comercio<\/a> para proteger por completo su inversi\u00f3n<\/p><\/blockquote>\n<p>De esa manera, Fairtrade es un sistema internacional que certifica de manera independiente la cadena de suministro. De la misma forma la prima Fairtrade es un monto adicional al coste del producto, que es pagado de forma directa a los productos. Y estos deciden c\u00f3mo lo utilizan para hacer mejoras en sus productos, comunidad e infraestructura.<\/p>\n<p>De hecho, la primera ha tenido un aumento de unos <strong>256 % en los \u00faltimos 6 a\u00f1os<\/strong>, sumando una cifra de unos 3.5 millones de euros totales en el periodo.<\/p>\n","protected":false},"excerpt":{"rendered":"<p>En los \u00faltimos 6 a\u00f1os en Espa\u00f1a se ha visto un alza de un 354% en la venta de productos de Comercio Justo Certificados. Dicha tendencia ha sido liderada por el sello de certificaci\u00f3n Fairtrade que por fortuna se ha convertido en la realidad actual de la compra de productos. Esto es \u00edndice de que [&hellip;]<\/p>\n","protected":false},"author":1,"featured_media":783,"comment_status":"open","ping_status":"open","sticky":false,"template":"","format":"standard","meta":{"_et_pb_use_builder":"","_et_pb_old_content":"","_et_gb_content_width":"","footnotes":""},"categories":[76],"tags":[590],"class_list":["post-782","post","type-post","status-publish","format-standard","has-post-thumbnail","hentry","category-comercios","tag-comercio-justo"],"_links":{"self":[{"href":"https:\/\/www.seguros-comercios.es\/blog\/wp-json\/wp\/v2\/posts\/782","targetHints":{"allow":["GET"]}}],"collection":[{"href":"https:\/\/www.seguros-comercios.es\/blog\/wp-json\/wp\/v2\/posts"}],"about":[{"href":"https:\/\/www.seguros-comercios.es\/blog\/wp-json\/wp\/v2\/types\/post"}],"author":[{"embeddable":true,"href":"https:\/\/www.seguros-comercios.es\/blog\/wp-json\/wp\/v2\/users\/1"}],"replies":[{"embeddable":true,"href":"https:\/\/www.seguros-comercios.es\/blog\/wp-json\/wp\/v2\/comments?post=782"}],"version-history":[{"count":1,"href":"https:\/\/www.seguros-comercios.es\/blog\/wp-json\/wp\/v2\/posts\/782\/revisions"}],"predecessor-version":[{"id":784,"href":"https:\/\/www.seguros-comercios.es\/blog\/wp-json\/wp\/v2\/posts\/782\/revisions\/784"}],"wp:featuredmedia":[{"embeddable":true,"href":"https:\/\/www.seguros-comercios.es\/blog\/wp-json\/wp\/v2\/media\/783"}],"wp:attachment":[{"href":"https:\/\/www.seguros-comercios.es\/blog\/wp-json\/wp\/v2\/media?parent=782"}],"wp:term":[{"taxonomy":"category","embeddable":true,"href":"https:\/\/www.seguros-comercios.es\/blog\/wp-json\/wp\/v2\/categories?post=782"},{"taxonomy":"post_tag","embeddable":true,"href":"https:\/\/www.seguros-comercios.es\/blog\/wp-json\/wp\/v2\/tags?post=782"}],"curies":[{"name":"wp","href":"https:\/\/api.w.org\/{rel}","templated":true}]}}