{"id":711,"date":"2020-04-13T05:28:30","date_gmt":"2020-04-13T04:28:30","guid":{"rendered":"https:\/\/www.seguros-comercios.es\/blog\/?p=711"},"modified":"2024-09-22T04:47:13","modified_gmt":"2024-09-22T03:47:13","slug":"se-estiman-perdidas-de-25-mil-millones-de-euros-en-el-comercio-minorista","status":"publish","type":"post","link":"https:\/\/www.seguros-comercios.es\/blog\/se-estiman-perdidas-de-25-mil-millones-de-euros-en-el-comercio-minorista\/04\/2020\/","title":{"rendered":"Se estiman p\u00e9rdidas de 25 mil millones de euros en el comercio minorista"},"content":{"rendered":"<p>Anged, la Asociaci\u00f3n Nacional de Grandes Empresas de Distribuci\u00f3n, estima que este a\u00f1o, se perder\u00e1 un aproximado del 10% en ventas en el mercado minorista. Como consecuencia de la pandemia del coronavirus.\u00a0 Este porcentaje representa cerca de los 25 mil millones de euros en ventas.<\/p>\n<p>Son estimaciones que hace la patronal de las grandes superficies como El Corte Ingl\u00e9s y Carrefour entre otras, considerando el cierre realizado a los comercios no esenciales. Sumando la ca\u00edda estrepitosa de los turistas extranjeros y la disminuci\u00f3n del consumo por parte de los ciudadanos espa\u00f1oles. Bien sea por miedo o por bajo poder adquisitivo debido a la p\u00e9rdida del empleo.<\/p>\n<blockquote><p>Recuerde contratar el mejor <a href=\"https:\/\/www.seguros-comercios.es\">seguro de comercio<\/a> para proteger por completo su inversi\u00f3n<\/p><\/blockquote>\n<div id=\"ez-toc-container\" class=\"ez-toc-v2_0_82_2 counter-hierarchy ez-toc-counter ez-toc-grey ez-toc-container-direction\">\n<div class=\"ez-toc-title-container\">\n<p class=\"ez-toc-title\" style=\"cursor:inherit\">Table of Contents<\/p>\n<span class=\"ez-toc-title-toggle\"><a href=\"#\" class=\"ez-toc-pull-right ez-toc-btn ez-toc-btn-xs ez-toc-btn-default ez-toc-toggle\" aria-label=\"Alternar tabla de contenidos\"><span class=\"ez-toc-js-icon-con\"><span class=\"\"><span class=\"eztoc-hide\" style=\"display:none;\">Toggle<\/span><span class=\"ez-toc-icon-toggle-span\"><svg style=\"fill: #999;color:#999\" xmlns=\"http:\/\/www.w3.org\/2000\/svg\" class=\"list-377408\" width=\"20px\" height=\"20px\" viewBox=\"0 0 24 24\" fill=\"none\"><path d=\"M6 6H4v2h2V6zm14 0H8v2h12V6zM4 11h2v2H4v-2zm16 0H8v2h12v-2zM4 16h2v2H4v-2zm16 0H8v2h12v-2z\" fill=\"currentColor\"><\/path><\/svg><svg style=\"fill: #999;color:#999\" class=\"arrow-unsorted-368013\" xmlns=\"http:\/\/www.w3.org\/2000\/svg\" width=\"10px\" height=\"10px\" viewBox=\"0 0 24 24\" version=\"1.2\" baseProfile=\"tiny\"><path d=\"M18.2 9.3l-6.2-6.3-6.2 6.3c-.2.2-.3.4-.3.7s.1.5.3.7c.2.2.4.3.7.3h11c.3 0 .5-.1.7-.3.2-.2.3-.5.3-.7s-.1-.5-.3-.7zM5.8 14.7l6.2 6.3 6.2-6.3c.2-.2.3-.5.3-.7s-.1-.5-.3-.7c-.2-.2-.4-.3-.7-.3h-11c-.3 0-.5.1-.7.3-.2.2-.3.5-.3.7s.1.5.3.7z\"\/><\/svg><\/span><\/span><\/span><\/a><\/span><\/div>\n<nav><ul class='ez-toc-list ez-toc-list-level-1 ' ><li class='ez-toc-page-1 ez-toc-heading-level-2'><a class=\"ez-toc-link ez-toc-heading-1\" href=\"https:\/\/www.seguros-comercios.es\/blog\/se-estiman-perdidas-de-25-mil-millones-de-euros-en-el-comercio-minorista\/04\/2020\/#Estimaciones_de_Anged\" >Estimaciones de Anged<\/a><\/li><li class='ez-toc-page-1 ez-toc-heading-level-2'><a class=\"ez-toc-link ez-toc-heading-2\" href=\"https:\/\/www.seguros-comercios.es\/blog\/se-estiman-perdidas-de-25-mil-millones-de-euros-en-el-comercio-minorista\/04\/2020\/#Medidas_propuestas_por_Anged_al_gobierno\" >Medidas propuestas por Anged al gobierno<\/a><ul class='ez-toc-list-level-3' ><li class='ez-toc-heading-level-3'><a class=\"ez-toc-link ez-toc-heading-3\" href=\"https:\/\/www.seguros-comercios.es\/blog\/se-estiman-perdidas-de-25-mil-millones-de-euros-en-el-comercio-minorista\/04\/2020\/#Flexibilidad_en_jornada_laboral_y_horarios\" >Flexibilidad en jornada laboral y horarios<\/a><\/li><li class='ez-toc-page-1 ez-toc-heading-level-3'><a class=\"ez-toc-link ez-toc-heading-4\" href=\"https:\/\/www.seguros-comercios.es\/blog\/se-estiman-perdidas-de-25-mil-millones-de-euros-en-el-comercio-minorista\/04\/2020\/#%E2%80%9CPuente%E2%80%9D_entre_los_ERTEs\" >\u201cPuente\u201d entre los ERTEs<\/a><\/li><li class='ez-toc-page-1 ez-toc-heading-level-3'><a class=\"ez-toc-link ez-toc-heading-5\" href=\"https:\/\/www.seguros-comercios.es\/blog\/se-estiman-perdidas-de-25-mil-millones-de-euros-en-el-comercio-minorista\/04\/2020\/#%E2%80%9Cdialogo_social_sin_interferencias%E2%80%9D\" >\u201cdi\u00e1logo social sin interferencias\u201d<\/a><\/li><li class='ez-toc-page-1 ez-toc-heading-level-3'><a class=\"ez-toc-link ez-toc-heading-6\" href=\"https:\/\/www.seguros-comercios.es\/blog\/se-estiman-perdidas-de-25-mil-millones-de-euros-en-el-comercio-minorista\/04\/2020\/#Ampliar_los_avales_del_ICO\" >Ampliar los avales del ICO<\/a><\/li><\/ul><\/li><\/ul><\/nav><\/div>\n<h2><span class=\"ez-toc-section\" id=\"Estimaciones_de_Anged\"><\/span>Estimaciones de Anged<span class=\"ez-toc-section-end\"><\/span><\/h2>\n<p>En este sentido, Anged estima que esta situaci\u00f3n se prolongar\u00e1 por lo menos durante 6 meses m\u00e1s. Por lo cual solicita al gobierno espa\u00f1ol, que se tomen medidas de liquidez y \u201cm\u00e1xima flexibilidad laboral\u201d. Para poder actuar y ajustar las plantillas de los trabajadores a los diferentes niveles.<\/p>\n<p>Y Mari Cruz Vaca, la responsable de del \u00e1rea econ\u00f3mica de Anged se\u00f1ala que las ventas de alimentos han crecido en un 25% aproximadamente durante la cuarentena. Sin embargo, los dem\u00e1s sectores est\u00e1n fuertemente impactados.<\/p>\n<p>As\u00ed mismo explica que de acuerdo a las cifras que maneja, la facturaci\u00f3n en el sector textil ha ca\u00eddo en un 70%. Y en el \u00e1rea de tecnolog\u00eda para el hogar la ca\u00edda es alrededor del 50%. \u201cCon estos valores, que no son definitivos, y en la mejor de nuestras previsiones, podemos hablar de una ca\u00edda global del comercio de m\u00e1s del 10%, teniendo en cuenta que la facturaci\u00f3n es de unos 250.000 millones\u201d.<\/p>\n<p>Sus c\u00e1lculos est\u00e1n basados en el cierre de los comercios y despu\u00e9s de abrir, en una disminuci\u00f3n acentuada del consumo. Por varias razones, explica Merry del Val, miedo a gastar lo que no se tiene, falta de trabajo y la falta de turismo que tardar\u00e1 en reactivarse. Por lo que ser\u00e1 una ca\u00edda del consumo nunca vista, la cual estiman entre un 40 y 50%. La cual sin duda se recuperar\u00e1 pero lentamente.<\/p>\n<p>En este sentido expresa Javier Mill\u00e1n Astray, director general de Anged, que la disminuci\u00f3n del consumo \u201cser\u00e1 mayor que la del 30% que se produjo en la crisis de 2008\u201d.<\/p>\n<blockquote><p>Revise ahora los mejores <a href=\"https:\/\/www.seguroslowcost.es\/seguros-comercios-lowcost.html\" target=\"_blank\" rel=\"noopener\">seguros de comercios low cost<\/a>, para que realice la mejor elecci\u00f3n<\/p><\/blockquote>\n<h2><span class=\"ez-toc-section\" id=\"Medidas_propuestas_por_Anged_al_gobierno\"><\/span>Medidas propuestas por Anged al gobierno<span class=\"ez-toc-section-end\"><\/span><\/h2>\n<p>Enfocados en aliviar la situaci\u00f3n del comercio en Espa\u00f1a, Anged hace una serie de propuestas al gobierno espa\u00f1ol. Donde se contemplan medidas \u201cde liquidez\u201d para las empresas. Y en espacial medidas de \u201cm\u00e1xima flexibilidad laboral\u201d.<\/p>\n<h3><span class=\"ez-toc-section\" id=\"Flexibilidad_en_jornada_laboral_y_horarios\"><\/span>Flexibilidad en jornada laboral y horarios<span class=\"ez-toc-section-end\"><\/span><\/h3>\n<p>Solicitan ser flexibles y modificar las condiciones de la jornada laboral y los horarios de trabajo. As\u00ed como activar entrada y salida de empleados en ERTEs. Tambi\u00e9n estiman necesario contabilizar el tiempo que se mantuvieron y mantienen inactivos como per\u00edodo vacacional. Y as\u00ed en verano y navidad puedan realizar mayores jornadas de trabajo.<\/p>\n<p>Y adem\u00e1s, llevar \u201c\u2026m\u00e1s all\u00e1 del 31 de diciembre la posibilidad de recuperaci\u00f3n de las horas no trabajadas\u201d.<\/p>\n<h3><span class=\"ez-toc-section\" id=\"%E2%80%9CPuente%E2%80%9D_entre_los_ERTEs\"><\/span>\u201cPuente\u201d entre los ERTEs<span class=\"ez-toc-section-end\"><\/span><\/h3>\n<p>Entre las solicitudes, reclaman realizar un \u201cpuente\u201d entre los ERTEs que se est\u00e1n presentando por fuerza mayor. \u00a0Y recuperar la actividad poco a poco y negociar con sindicatos para que \u201c\u2026no haga falta proceder a abrir un ERTE por causas ETOP (econ\u00f3micas, t\u00e9cnicas, organizativas, o de producci\u00f3n), sino que la propia pandemia sea una causa productiva\u201d. Y extender a todas las comunidades aut\u00f3nomas.<\/p>\n<h3><span class=\"ez-toc-section\" id=\"%E2%80%9Cdialogo_social_sin_interferencias%E2%80%9D\"><\/span>\u201cdi\u00e1logo social sin interferencias\u201d<span class=\"ez-toc-section-end\"><\/span><\/h3>\n<p>En materia laboral, solicita establecer di\u00e1logos entre las empresas y los sindicatos con el fin de suavizar los efectos futuros de esta crisis sobre el empleo. Pues tal como indica Javier Mill\u00e1n \u201cEmpresas y trabajadores deben ponerse de acuerdo en medidas de flexibilizaci\u00f3n si se quiere mantener la plantilla\u201d.<\/p>\n<p>Pues ellos consideran, que \u201c\u2026es imposible que una empresa subsista con una ca\u00edda del 50% de las ventas, con una plantilla dise\u00f1ada para vender el doble\u201d.<\/p>\n<h3><span class=\"ez-toc-section\" id=\"Ampliar_los_avales_del_ICO\"><\/span>Ampliar los avales del ICO<span class=\"ez-toc-section-end\"><\/span><\/h3>\n<p>Por otra parte consideran que para mejorar la situaci\u00f3n de liquidez de las empresas, es conveniente ampliar los avales del ICO. La cual es una v\u00eda de financiamiento que ya no les alcanza para cubrir sus requerimientos. Y adem\u00e1s solicitan una \u201cmoratoria o suspensi\u00f3n de todas las obligaciones fiscales, que deber\u00eda extenderse a las comunidades y ayuntamientos\u201d.<\/p>\n<p>Tambi\u00e9n exigen \u201cla supresi\u00f3n de un impuesto anacr\u00f3nico como es el de las grandes superficies\u201d.<\/p>\n<blockquote><p>Utilice siempre el mejor <a href=\"http:\/\/www.seguros-generales.es\" target=\"_blank\" rel=\"noopener\">comparador de seguros de comercio<\/a> para encontrar y contratar el mejor seguro disponible.<\/p><\/blockquote>\n","protected":false},"excerpt":{"rendered":"<p>Anged, la Asociaci\u00f3n Nacional de Grandes Empresas de Distribuci\u00f3n, estima que este a\u00f1o, se perder\u00e1 un aproximado del 10% en ventas en el mercado minorista. Como consecuencia de la pandemia del coronavirus.\u00a0 Este porcentaje representa cerca de los 25 mil millones de euros en ventas. Son estimaciones que hace la patronal de las grandes superficies [&hellip;]<\/p>\n","protected":false},"author":1,"featured_media":712,"comment_status":"open","ping_status":"open","sticky":false,"template":"","format":"standard","meta":{"_et_pb_use_builder":"","_et_pb_old_content":"","_et_gb_content_width":"","footnotes":""},"categories":[76],"tags":[],"class_list":["post-711","post","type-post","status-publish","format-standard","has-post-thumbnail","hentry","category-comercios"],"_links":{"self":[{"href":"https:\/\/www.seguros-comercios.es\/blog\/wp-json\/wp\/v2\/posts\/711","targetHints":{"allow":["GET"]}}],"collection":[{"href":"https:\/\/www.seguros-comercios.es\/blog\/wp-json\/wp\/v2\/posts"}],"about":[{"href":"https:\/\/www.seguros-comercios.es\/blog\/wp-json\/wp\/v2\/types\/post"}],"author":[{"embeddable":true,"href":"https:\/\/www.seguros-comercios.es\/blog\/wp-json\/wp\/v2\/users\/1"}],"replies":[{"embeddable":true,"href":"https:\/\/www.seguros-comercios.es\/blog\/wp-json\/wp\/v2\/comments?post=711"}],"version-history":[{"count":1,"href":"https:\/\/www.seguros-comercios.es\/blog\/wp-json\/wp\/v2\/posts\/711\/revisions"}],"predecessor-version":[{"id":713,"href":"https:\/\/www.seguros-comercios.es\/blog\/wp-json\/wp\/v2\/posts\/711\/revisions\/713"}],"wp:featuredmedia":[{"embeddable":true,"href":"https:\/\/www.seguros-comercios.es\/blog\/wp-json\/wp\/v2\/media\/712"}],"wp:attachment":[{"href":"https:\/\/www.seguros-comercios.es\/blog\/wp-json\/wp\/v2\/media?parent=711"}],"wp:term":[{"taxonomy":"category","embeddable":true,"href":"https:\/\/www.seguros-comercios.es\/blog\/wp-json\/wp\/v2\/categories?post=711"},{"taxonomy":"post_tag","embeddable":true,"href":"https:\/\/www.seguros-comercios.es\/blog\/wp-json\/wp\/v2\/tags?post=711"}],"curies":[{"name":"wp","href":"https:\/\/api.w.org\/{rel}","templated":true}]}}