{"id":707,"date":"2020-04-06T19:10:47","date_gmt":"2020-04-06T18:10:47","guid":{"rendered":"https:\/\/www.seguros-comercios.es\/blog\/?p=707"},"modified":"2024-09-22T04:47:45","modified_gmt":"2024-09-22T03:47:45","slug":"la-actividad-del-comercio-minorista-en-zonas-rurales","status":"publish","type":"post","link":"https:\/\/www.seguros-comercios.es\/blog\/la-actividad-del-comercio-minorista-en-zonas-rurales\/04\/2020\/","title":{"rendered":"La actividad del comercio minorista en zonas rurales"},"content":{"rendered":"<p>Al declarar el estado de alarma en el pa\u00eds, se <strong>determin\u00f3 cerrar ciertos locales y establecimientos del comercio minorista<\/strong>. Por lo tanto queda suspendida en forma temporal, la compra de aquellos productos que est\u00e9n mencionados en el Real Decreto 463\/2020 en las tiendas f\u00edsicas.<\/p>\n<p>Sin embargo, si es posible realizar compras por internet, v\u00eda telef\u00f3nica y por correspondencia. Ya que los servicios comerciales son esenciales para garantizar que lleguen a los ciudadanos los productos b\u00e1sicos necesarios para subsistir durante el confinamiento.<\/p>\n<p>Por esta raz\u00f3n, la Secretaria de Estado de Comercio, elabor\u00f3 una gu\u00eda en la cual se dan recomendaciones\u00a0 para garantizar la seguridad tanto de la ciudadan\u00eda como de los trabajadores del comercio. Para realizar la actividad comercial a distancia en diferentes modalidades. Comercio on line, comercio telef\u00f3nico, click &amp; collect, click &amp; car y <strong>comercio rural.<\/strong><\/p>\n<p>En este art\u00edculo se tratar\u00e1 espec\u00edficamente sobre el abastecimiento rural a distancia donde no existen comercios minoristas establecidos f\u00edsicamente.<\/p>\n<div id=\"ez-toc-container\" class=\"ez-toc-v2_0_82_2 counter-hierarchy ez-toc-counter ez-toc-grey ez-toc-container-direction\">\n<div class=\"ez-toc-title-container\">\n<p class=\"ez-toc-title\" style=\"cursor:inherit\">Table of Contents<\/p>\n<span class=\"ez-toc-title-toggle\"><a href=\"#\" class=\"ez-toc-pull-right ez-toc-btn ez-toc-btn-xs ez-toc-btn-default ez-toc-toggle\" aria-label=\"Alternar tabla de contenidos\"><span class=\"ez-toc-js-icon-con\"><span class=\"\"><span class=\"eztoc-hide\" style=\"display:none;\">Toggle<\/span><span class=\"ez-toc-icon-toggle-span\"><svg style=\"fill: #999;color:#999\" xmlns=\"http:\/\/www.w3.org\/2000\/svg\" class=\"list-377408\" width=\"20px\" height=\"20px\" viewBox=\"0 0 24 24\" fill=\"none\"><path d=\"M6 6H4v2h2V6zm14 0H8v2h12V6zM4 11h2v2H4v-2zm16 0H8v2h12v-2zM4 16h2v2H4v-2zm16 0H8v2h12v-2z\" fill=\"currentColor\"><\/path><\/svg><svg style=\"fill: #999;color:#999\" class=\"arrow-unsorted-368013\" xmlns=\"http:\/\/www.w3.org\/2000\/svg\" width=\"10px\" height=\"10px\" viewBox=\"0 0 24 24\" version=\"1.2\" baseProfile=\"tiny\"><path d=\"M18.2 9.3l-6.2-6.3-6.2 6.3c-.2.2-.3.4-.3.7s.1.5.3.7c.2.2.4.3.7.3h11c.3 0 .5-.1.7-.3.2-.2.3-.5.3-.7s-.1-.5-.3-.7zM5.8 14.7l6.2 6.3 6.2-6.3c.2-.2.3-.5.3-.7s-.1-.5-.3-.7c-.2-.2-.4-.3-.7-.3h-11c-.3 0-.5.1-.7.3-.2.2-.3.5-.3.7s.1.5.3.7z\"\/><\/svg><\/span><\/span><\/span><\/a><\/span><\/div>\n<nav><ul class='ez-toc-list ez-toc-list-level-1 ' ><li class='ez-toc-page-1 ez-toc-heading-level-2'><a class=\"ez-toc-link ez-toc-heading-1\" href=\"https:\/\/www.seguros-comercios.es\/blog\/la-actividad-del-comercio-minorista-en-zonas-rurales\/04\/2020\/#Medidas_generales\" >Medidas generales<\/a><ul class='ez-toc-list-level-3' ><li class='ez-toc-heading-level-3'><a class=\"ez-toc-link ez-toc-heading-2\" href=\"https:\/\/www.seguros-comercios.es\/blog\/la-actividad-del-comercio-minorista-en-zonas-rurales\/04\/2020\/#Plan_de_procesos\" >Plan de procesos<\/a><\/li><li class='ez-toc-page-1 ez-toc-heading-level-3'><a class=\"ez-toc-link ez-toc-heading-3\" href=\"https:\/\/www.seguros-comercios.es\/blog\/la-actividad-del-comercio-minorista-en-zonas-rurales\/04\/2020\/#Usar_plantillas_necesarias\" >Usar plantillas necesarias<\/a><\/li><li class='ez-toc-page-1 ez-toc-heading-level-3'><a class=\"ez-toc-link ez-toc-heading-4\" href=\"https:\/\/www.seguros-comercios.es\/blog\/la-actividad-del-comercio-minorista-en-zonas-rurales\/04\/2020\/#Centros_de_trabajo\" >Centros de trabajo<\/a><\/li><li class='ez-toc-page-1 ez-toc-heading-level-3'><a class=\"ez-toc-link ez-toc-heading-5\" href=\"https:\/\/www.seguros-comercios.es\/blog\/la-actividad-del-comercio-minorista-en-zonas-rurales\/04\/2020\/#Velar_por_la_Seguridad_de_trabajadores\" >Velar por la Seguridad de trabajadores<\/a><\/li><li class='ez-toc-page-1 ez-toc-heading-level-3'><a class=\"ez-toc-link ez-toc-heading-6\" href=\"https:\/\/www.seguros-comercios.es\/blog\/la-actividad-del-comercio-minorista-en-zonas-rurales\/04\/2020\/#Priorizar_clientes\" >Priorizar clientes<\/a><\/li><li class='ez-toc-page-1 ez-toc-heading-level-3'><a class=\"ez-toc-link ez-toc-heading-7\" href=\"https:\/\/www.seguros-comercios.es\/blog\/la-actividad-del-comercio-minorista-en-zonas-rurales\/04\/2020\/#Contacto_con_proveedores\" >Contacto con proveedores<\/a><\/li><\/ul><\/li><li class='ez-toc-page-1 ez-toc-heading-level-2'><a class=\"ez-toc-link ez-toc-heading-8\" href=\"https:\/\/www.seguros-comercios.es\/blog\/la-actividad-del-comercio-minorista-en-zonas-rurales\/04\/2020\/#Medidas_de_servicios_de_entrega_en_el_medio_rural\" >Medidas de servicios de entrega en el medio rural.<\/a><ul class='ez-toc-list-level-3' ><li class='ez-toc-heading-level-3'><a class=\"ez-toc-link ez-toc-heading-9\" href=\"https:\/\/www.seguros-comercios.es\/blog\/la-actividad-del-comercio-minorista-en-zonas-rurales\/04\/2020\/#Garantizar_el_abastecimiento\" >Garantizar el abastecimiento<\/a><\/li><li class='ez-toc-page-1 ez-toc-heading-level-3'><a class=\"ez-toc-link ez-toc-heading-10\" href=\"https:\/\/www.seguros-comercios.es\/blog\/la-actividad-del-comercio-minorista-en-zonas-rurales\/04\/2020\/#Continuidad_del_servicio\" >Continuidad del servicio<\/a><\/li><li class='ez-toc-page-1 ez-toc-heading-level-3'><a class=\"ez-toc-link ez-toc-heading-11\" href=\"https:\/\/www.seguros-comercios.es\/blog\/la-actividad-del-comercio-minorista-en-zonas-rurales\/04\/2020\/#Establecer_horario\" >Establecer horario<\/a><\/li><li class='ez-toc-page-1 ez-toc-heading-level-3'><a class=\"ez-toc-link ez-toc-heading-12\" href=\"https:\/\/www.seguros-comercios.es\/blog\/la-actividad-del-comercio-minorista-en-zonas-rurales\/04\/2020\/#Medidas_de_mantenimiento_e_higienicas\" >Medidas de mantenimiento e higi\u00e9nicas<\/a><\/li><li class='ez-toc-page-1 ez-toc-heading-level-3'><a class=\"ez-toc-link ez-toc-heading-13\" href=\"https:\/\/www.seguros-comercios.es\/blog\/la-actividad-del-comercio-minorista-en-zonas-rurales\/04\/2020\/#Desplazamiento\" >Desplazamiento<\/a><\/li><li class='ez-toc-page-1 ez-toc-heading-level-3'><a class=\"ez-toc-link ez-toc-heading-14\" href=\"https:\/\/www.seguros-comercios.es\/blog\/la-actividad-del-comercio-minorista-en-zonas-rurales\/04\/2020\/#Contacto_con_representantes_ejecutivos\" >Contacto con representantes ejecutivos<\/a><\/li><\/ul><\/li><\/ul><\/nav><\/div>\n<h2><span class=\"ez-toc-section\" id=\"Medidas_generales\"><\/span>Medidas generales<span class=\"ez-toc-section-end\"><\/span><\/h2>\n<h3><span class=\"ez-toc-section\" id=\"Plan_de_procesos\"><\/span>Plan de procesos<span class=\"ez-toc-section-end\"><\/span><\/h3>\n<p>Las empresas existentes en la zona deber\u00e1n elaborar un plan donde se contemplen cu\u00e1les son sus procesos cr\u00edticos. As\u00ed como las actividades que realizan y los equipos que requieren para ejecutarlas y garantizar su soporte. Para de esta manera poder establecer las medidas de seguridad para enfrentar la pandemia.<\/p>\n<blockquote><p>Recuerde contratar el mejor <a href=\"https:\/\/www.seguros-comercios.es\">seguro de comercio<\/a> para proteger por completo su inversi\u00f3n<\/p><\/blockquote>\n<h3><span class=\"ez-toc-section\" id=\"Usar_plantillas_necesarias\"><\/span>Usar plantillas necesarias<span class=\"ez-toc-section-end\"><\/span><\/h3>\n<p>Tambi\u00e9n es importante determinar la plantilla m\u00ednima indispensable, necesaria. Y las medidas que garanticen la seguridad de trabajadores y clientes. Fomentar el teletrabajo y \u00a0establecer turnos para el personal. De manera que no coincida mucho personal laborando.<\/p>\n<h3><span class=\"ez-toc-section\" id=\"Centros_de_trabajo\"><\/span>Centros de trabajo<span class=\"ez-toc-section-end\"><\/span><\/h3>\n<p>Los centros de trabajo que cuenten con ventanas deben mantenerlas abiertas. Y marcar pautas de ventilaci\u00f3n natural en los edificios cerrados. Es necesario renovar el aire en forma permanente y mantener la ventilaci\u00f3n.<\/p>\n<p>En los edificios cerrados se deben ajustar los sistemas de climatizaci\u00f3n para maximizar la renovaci\u00f3n del aire por hora o aumentar la entrada de aire puro desde afuera, para evitar la recirculaci\u00f3n. La temperatura recomendada en el centro de trabajo es entre 23 y 26\u00baC<\/p>\n<h3><span class=\"ez-toc-section\" id=\"Velar_por_la_Seguridad_de_trabajadores\"><\/span>Velar por la Seguridad de trabajadores<span class=\"ez-toc-section-end\"><\/span><\/h3>\n<p>Se deben tomar las m\u00e1ximas precauciones para prevenir el contagio entre trabajadores con el coronavirus. Cualquier trabajador que presente sintomatolog\u00eda relacionada con el COVID-19 debe referirse al servicio sanitario. Adem\u00e1s debe colocarse en cuarentena hasta que sea atendido.<\/p>\n<p>Asimismo, las empresas deben asegurarse que sus trabajadores est\u00e9n informados plenamente sobre las recomendaciones del Ministerio de Sanidad y la OMS sobre las normas de prevenci\u00f3n e higiene.<\/p>\n<h3><span class=\"ez-toc-section\" id=\"Priorizar_clientes\"><\/span>Priorizar clientes<span class=\"ez-toc-section-end\"><\/span><\/h3>\n<p>Debe darse especial atenci\u00f3n a las personas m\u00e1s vulnerables, ancianos, discapacitados, con problemas de salud, que se encuentren en aislamiento o en urgencias.<\/p>\n<h3><span class=\"ez-toc-section\" id=\"Contacto_con_proveedores\"><\/span>Contacto con proveedores<span class=\"ez-toc-section-end\"><\/span><\/h3>\n<p>Es importante mantener siempre el contacto con los proveedores, con el fin de estar actualizado sobre la disponibilidad y condiciones requeridas para la entrega de los productos al establecimiento. Y establecer plazos de entrega reales, coherentes a la situaci\u00f3n que se atraviesa.<\/p>\n<h2><span class=\"ez-toc-section\" id=\"Medidas_de_servicios_de_entrega_en_el_medio_rural\"><\/span>Medidas de servicios de entrega en el medio rural.<span class=\"ez-toc-section-end\"><\/span><\/h2>\n<p>As\u00ed como hay medias generales para los establecimientos, tambi\u00e9n las hay para realizar el servicio de entrega de mercanc\u00eda en zonas rurales. Donde no existe un establecimiento como tal.<\/p>\n<h3><span class=\"ez-toc-section\" id=\"Garantizar_el_abastecimiento\"><\/span>Garantizar el abastecimiento<span class=\"ez-toc-section-end\"><\/span><\/h3>\n<p>Es necesario garantizar y priorizar el abastecimiento de comida y productos b\u00e1sicos, de primera necesidad en todos los pueblos y \u00e1reas rurales distantes. Que no cuenten con locales o establecimientos comerciales. Con el fin de evitar que las personas se desplacen fuera de sus\u00a0 municipios.<\/p>\n<blockquote><p>Revise ahora los mejores <a href=\"https:\/\/www.seguroslowcost.es\/seguros-comercios-lowcost.html\" target=\"_blank\" rel=\"noopener\">seguros de comercios low cost<\/a>, para que realice la mejor elecci\u00f3n<\/p><\/blockquote>\n<h3><span class=\"ez-toc-section\" id=\"Continuidad_del_servicio\"><\/span>Continuidad del servicio<span class=\"ez-toc-section-end\"><\/span><\/h3>\n<p>Se deben establecer medidas que garanticen la continuidad del servicio alimentario en los pueblos y \u00e1reas rurales. Asimismo, comunicar a las autoridades locales, cuando por alguna raz\u00f3n excepcional es necesario suspender el servicio.<\/p>\n<h3><span class=\"ez-toc-section\" id=\"Establecer_horario\"><\/span>Establecer horario<span class=\"ez-toc-section-end\"><\/span><\/h3>\n<p>Establecer horarios para que no coincidan trabajadores del proceso productivo, con suministro o proveedores, en el centro de trabajo.<\/p>\n<h3><span class=\"ez-toc-section\" id=\"Medidas_de_mantenimiento_e_higienicas\"><\/span>Medidas de mantenimiento e higi\u00e9nicas<span class=\"ez-toc-section-end\"><\/span><\/h3>\n<p>Establecer medidas extraordinarias de limpieza y desinfecci\u00f3n diaria de los veh\u00edculos de transporte regular de mercanc\u00edas. Y que el personal haga uso frecuente de alcohol gel y toallitas desinfectantes, as\u00ed como guantes desechables y mascarillas para entregar pedidos.<\/p>\n<h3><span class=\"ez-toc-section\" id=\"Desplazamiento\"><\/span>Desplazamiento<span class=\"ez-toc-section-end\"><\/span><\/h3>\n<p>El desplazamiento hacia las zonas de entrega debe hacerse en forma individual, a excepci\u00f3n de que algunas situaciones ameriten lo contrario.<\/p>\n<h3><span class=\"ez-toc-section\" id=\"Contacto_con_representantes_ejecutivos\"><\/span>Contacto con representantes ejecutivos<span class=\"ez-toc-section-end\"><\/span><\/h3>\n<p>Es importante contactar a los representantes ejecutivos de la localidad. Para recibir instrucciones para acceder y movilizarse\u00a0 por las rutas de reparto. As\u00ed mismo comunicarse con los clientes telef\u00f3nicamente y evitar reuniones de personas en las calles. Para facilitar en todo momento la venta en las casas y mantener siempre el distanciamiento necesario.<\/p>\n<blockquote><p>Utilice siempre el mejor <a href=\"http:\/\/www.seguros-generales.es\" target=\"_blank\" rel=\"noopener\">comparador de seguros de comercio<\/a> para encontrar y contratar el mejor seguro disponible.<\/p><\/blockquote>\n","protected":false},"excerpt":{"rendered":"<p>Al declarar el estado de alarma en el pa\u00eds, se determin\u00f3 cerrar ciertos locales y establecimientos del comercio minorista. Por lo tanto queda suspendida en forma temporal, la compra de aquellos productos que est\u00e9n mencionados en el Real Decreto 463\/2020 en las tiendas f\u00edsicas. Sin embargo, si es posible realizar compras por internet, v\u00eda telef\u00f3nica [&hellip;]<\/p>\n","protected":false},"author":1,"featured_media":708,"comment_status":"open","ping_status":"open","sticky":false,"template":"","format":"standard","meta":{"_et_pb_use_builder":"","_et_pb_old_content":"","_et_gb_content_width":"","footnotes":""},"categories":[76],"tags":[],"class_list":["post-707","post","type-post","status-publish","format-standard","has-post-thumbnail","hentry","category-comercios"],"_links":{"self":[{"href":"https:\/\/www.seguros-comercios.es\/blog\/wp-json\/wp\/v2\/posts\/707","targetHints":{"allow":["GET"]}}],"collection":[{"href":"https:\/\/www.seguros-comercios.es\/blog\/wp-json\/wp\/v2\/posts"}],"about":[{"href":"https:\/\/www.seguros-comercios.es\/blog\/wp-json\/wp\/v2\/types\/post"}],"author":[{"embeddable":true,"href":"https:\/\/www.seguros-comercios.es\/blog\/wp-json\/wp\/v2\/users\/1"}],"replies":[{"embeddable":true,"href":"https:\/\/www.seguros-comercios.es\/blog\/wp-json\/wp\/v2\/comments?post=707"}],"version-history":[{"count":1,"href":"https:\/\/www.seguros-comercios.es\/blog\/wp-json\/wp\/v2\/posts\/707\/revisions"}],"predecessor-version":[{"id":709,"href":"https:\/\/www.seguros-comercios.es\/blog\/wp-json\/wp\/v2\/posts\/707\/revisions\/709"}],"wp:featuredmedia":[{"embeddable":true,"href":"https:\/\/www.seguros-comercios.es\/blog\/wp-json\/wp\/v2\/media\/708"}],"wp:attachment":[{"href":"https:\/\/www.seguros-comercios.es\/blog\/wp-json\/wp\/v2\/media?parent=707"}],"wp:term":[{"taxonomy":"category","embeddable":true,"href":"https:\/\/www.seguros-comercios.es\/blog\/wp-json\/wp\/v2\/categories?post=707"},{"taxonomy":"post_tag","embeddable":true,"href":"https:\/\/www.seguros-comercios.es\/blog\/wp-json\/wp\/v2\/tags?post=707"}],"curies":[{"name":"wp","href":"https:\/\/api.w.org\/{rel}","templated":true}]}}