{"id":649,"date":"2019-12-23T16:26:12","date_gmt":"2019-12-23T15:26:12","guid":{"rendered":"https:\/\/www.seguros-comercios.es\/blog\/?p=649"},"modified":"2024-09-22T04:32:04","modified_gmt":"2024-09-22T03:32:04","slug":"la-ruta-del-comercio-triangular-comercio-o-genocidio","status":"publish","type":"post","link":"https:\/\/www.seguros-comercios.es\/blog\/la-ruta-del-comercio-triangular-comercio-o-genocidio\/12\/2019\/","title":{"rendered":"\u00a0La Ruta del comercio Triangular\u2026 \u00bfComercio o Genocidio?\u00a0"},"content":{"rendered":"<p>El <strong>Comercio Triangular<\/strong>, ha sido banalizado como un sistema de comercio implementado en el oc\u00e9ano Atl\u00e1ntico. Mediante el cual se hac\u00edan transacciones internacionales, que dieron inicio a la globalizaci\u00f3n. Participaban en \u00e9l, tres continentes; Europa, Am\u00e9rica y \u00c1frica.<\/p>\n<p>Es realmente infame incluir al continente africano como participe del intercambio comercial, implementado en el Atl\u00e1ntico. No es un secreto que, desde el descubrimiento de Am\u00e9rica hasta mediados del Siglo XIX, Europa dominaba al mundo entero. El \u201cComercio Triangular\u201d, fue iniciado por Europa en el Siglo XV, con la participaci\u00f3n de sus colonias en tres continentes.<\/p>\n<p>Es decir, eran los colonos europeos, quienes capturaban a los nativos africanos y los vend\u00edan. Eran los mercaderes europeos quienes los compraban, transportaban en barcos, esclavizaban y vend\u00edan. Y eran colonos europeos, quienes intercambiaban a los esclavos africanos por mercanc\u00eda y los manten\u00edan esclavos, para que realizaran los trabajos en sus propiedades.<\/p>\n<p>Sin temor a incurrir en error, se puede decir que no hubo un Comercio Triangular entre tres continentes. No hubo tal globalizaci\u00f3n, ni siquiera transacciones internacionales. Simplemente <strong>hubo una Ruta mar\u00edtima triangular que estableci\u00f3 Europa, entre sus colonias en Am\u00e9rica y \u00c1frica.<\/strong><\/p>\n<blockquote><p>Recuerde contratar el mejor <a href=\"https:\/\/www.seguros-comercios.es\">seguro de comercio<\/a> para proteger por completo su inversi\u00f3n<\/p><\/blockquote>\n<div id=\"ez-toc-container\" class=\"ez-toc-v2_0_82_2 counter-hierarchy ez-toc-counter ez-toc-grey ez-toc-container-direction\">\n<div class=\"ez-toc-title-container\">\n<p class=\"ez-toc-title\" style=\"cursor:inherit\">Table of Contents<\/p>\n<span class=\"ez-toc-title-toggle\"><a href=\"#\" class=\"ez-toc-pull-right ez-toc-btn ez-toc-btn-xs ez-toc-btn-default ez-toc-toggle\" aria-label=\"Alternar tabla de contenidos\"><span class=\"ez-toc-js-icon-con\"><span class=\"\"><span class=\"eztoc-hide\" style=\"display:none;\">Toggle<\/span><span class=\"ez-toc-icon-toggle-span\"><svg style=\"fill: #999;color:#999\" xmlns=\"http:\/\/www.w3.org\/2000\/svg\" class=\"list-377408\" width=\"20px\" height=\"20px\" viewBox=\"0 0 24 24\" fill=\"none\"><path d=\"M6 6H4v2h2V6zm14 0H8v2h12V6zM4 11h2v2H4v-2zm16 0H8v2h12v-2zM4 16h2v2H4v-2zm16 0H8v2h12v-2z\" fill=\"currentColor\"><\/path><\/svg><svg style=\"fill: #999;color:#999\" class=\"arrow-unsorted-368013\" xmlns=\"http:\/\/www.w3.org\/2000\/svg\" width=\"10px\" height=\"10px\" viewBox=\"0 0 24 24\" version=\"1.2\" baseProfile=\"tiny\"><path d=\"M18.2 9.3l-6.2-6.3-6.2 6.3c-.2.2-.3.4-.3.7s.1.5.3.7c.2.2.4.3.7.3h11c.3 0 .5-.1.7-.3.2-.2.3-.5.3-.7s-.1-.5-.3-.7zM5.8 14.7l6.2 6.3 6.2-6.3c.2-.2.3-.5.3-.7s-.1-.5-.3-.7c-.2-.2-.4-.3-.7-.3h-11c-.3 0-.5.1-.7.3-.2.2-.3.5-.3.7s.1.5.3.7z\"\/><\/svg><\/span><\/span><\/span><\/a><\/span><\/div>\n<nav><ul class='ez-toc-list ez-toc-list-level-1 ' ><li class='ez-toc-page-1 ez-toc-heading-level-2'><a class=\"ez-toc-link ez-toc-heading-1\" href=\"https:\/\/www.seguros-comercios.es\/blog\/la-ruta-del-comercio-triangular-comercio-o-genocidio\/12\/2019\/#La_esclavitud\" >La esclavitud<\/a><\/li><li class='ez-toc-page-1 ez-toc-heading-level-2'><a class=\"ez-toc-link ez-toc-heading-2\" href=\"https:\/\/www.seguros-comercios.es\/blog\/la-ruta-del-comercio-triangular-comercio-o-genocidio\/12\/2019\/#El_Codigo_Negro_de_1865\" >El C\u00f3digo Negro de 1865<\/a><\/li><li class='ez-toc-page-1 ez-toc-heading-level-2'><a class=\"ez-toc-link ez-toc-heading-3\" href=\"https:\/\/www.seguros-comercios.es\/blog\/la-ruta-del-comercio-triangular-comercio-o-genocidio\/12\/2019\/#El_Genocidio\" >El Genocidio<\/a><\/li><\/ul><\/nav><\/div>\n<h2><span class=\"ez-toc-section\" id=\"La_esclavitud\"><\/span><strong>La esclavitud<\/strong><span class=\"ez-toc-section-end\"><\/span><\/h2>\n<p>Es conocido que esclavitud existe desde la Antig\u00fcedad. \u00a0Se sabe de esclavos negros en Egipto, Grecia, Roma. Este proceso de esclavitud fue iniciado por los \u00e1rabes en el siglo VII. Sin embargo, fue la Iglesia cat\u00f3lica, la que propicio el inicio de la esclavitud. El papa Nicol\u00e1s V en 1452, autorizo a los portugueses, a arrebatar las tierras africanas en poder de los sarracenos.<\/p>\n<p>De esta forma convirtieron a las colonias de Angola y Guinea en centros de captura de sus habitantes, para ser esclavizados. Los africanos eran capturados en sus propias aldeas, para luego ser trasladados a los castillos ubicados a lo largo de la costa.<\/p>\n<p>En esos castillos eran hacinados y encadenados en las mazmorras, hasta que eran embarcados. As\u00ed, al llegar a Am\u00e9rica los llevaban a los mercados de esclavos. Una vez adquiridos, su nuevo amo los marcaba con hierro candente. Finalmente eran obligados a trabajar en las minas y grandes plantaciones de las colonias.<\/p>\n<p>Luego se sumaron Espa\u00f1a y otros pa\u00edses. El n\u00famero exacto de africanos sacados a la fuerza de su tierra no se puede precisar. Sin embargo, se estima que entre 1500 y 1850 fueron alrededor de los <strong>12 millones de africanos esclavizados.<\/strong><\/p>\n<p>Los barcos zarpaban desde Europa a \u00c1frica con mercanc\u00eda como tela y armas. Una vez que llegaban a \u00c1frica, hac\u00edan el trueque de la mercanc\u00eda tra\u00edda por esclavos africanos, bien sea hombres, mujeres y ni\u00f1os. Luego las embarcaciones sal\u00edan de \u00c1frica a Am\u00e9rica, y all\u00ed se hac\u00eda la venta de los esclavos a los terratenientes.<\/p>\n<p>Toda la mercanc\u00eda como oro, plata, cacao, az\u00facar, tabaco, algod\u00f3n, era transportada a Europa. Donde los comerciantes trataban las materias primas y las refinaban, convirti\u00e9ndolas en mercanc\u00edas que eran vendidas en los diferentes mercados. Estas ganancias eran acumuladas o reinvertidas en Europa.<\/p>\n<p>Este comercio permiti\u00f3 a las colonias en Am\u00e9rica utilizar los esclavos como fuerza trabajadora y ampliar sus plantaciones y miner\u00eda. \u00a0L\u00f3gicamente este crecimiento permiti\u00f3 la expansi\u00f3n econ\u00f3mica de las colonias americanas. Por otro lado, <strong>Europa se benefici\u00f3 por los productos provenientes de Am\u00e9rica gracias al tr\u00e1fico de los esclavos africanos.<\/strong><\/p>\n<p>Los pa\u00edses del continente europeo, que participaban en esta ruta comercial fueron principalmente Portugal, Espa\u00f1a, Francia y Reino Unido. En \u00c1frica, pa\u00edses como Guinea Ecuatorial, Angola, Nigeria, Camer\u00fan y Rep\u00fablica del Congo, Ghana, Madagascar, Costa de Marfil y Mozambique.<\/p>\n<p>Los barcos que proven\u00edan de Europa generalmente entraban al continente africano a trav\u00e9s de los r\u00edos Senegal y Congo. Una vez que cargaban a los esclavos de \u00c1frica, tomaban rumbo hacia Am\u00e9rica. En este continente ten\u00edan diferentes destinos desde Norteam\u00e9rica hasta Am\u00e9rica del Sur, en Brasil, Uruguay y Argentina.<\/p>\n<p><strong>Este comercio produjo una gran acumulaci\u00f3n de capital en Europa, lo que propici\u00f3 la revoluci\u00f3n industrial europea<\/strong>. Grandes fortunas europeas sirvieron para financiar dicha revoluci\u00f3n, lo que permiti\u00f3 a Europa dominar el mundo durante varios siglos.<\/p>\n<p>Entre tanto \u00c1frica fue condenada al atraso al sufrir las consecuencias de la salida en contra de su voluntad de una inmensa cantidad de sus pobladores. Es notorio que este proceso de esclavizaci\u00f3n requer\u00eda el doble de hombres que, de mujeres. Lo que determin\u00f3 que este continente quedara sin mucha fuerza laboral, trayendo como consecuencia el atraso econ\u00f3mico de la regi\u00f3n.<\/p>\n<h2><span class=\"ez-toc-section\" id=\"El_Codigo_Negro_de_1865\"><\/span><strong>El C\u00f3digo Negro de 1865<\/strong><span class=\"ez-toc-section-end\"><\/span><\/h2>\n<p>Los pa\u00edses europeos elaboraron sus propios c\u00f3digos para la esclavitud. El primero fue \u201c<strong>El C\u00f3digo Negro\u201d<\/strong> de las colonias francesas, impuesto en 1685. A este siguieron c\u00f3digos espa\u00f1oles.<\/p>\n<p>Art\u00edculo 27. Los esclavos enfermos por vejez, enfermedad o por otra causa [\u2026] ser\u00e1n alimentados y mantenidos por sus due\u00f1os.<\/p>\n<p>Art\u00edculo 28. Declaramos que los esclavos no podr\u00e1n tener nada que no sea de su due\u00f1o [\u2026].<\/p>\n<p>Art\u00edculo 33. El esclavo que hay golpeado a su due\u00f1o, o a la mujer de su due\u00f1o, o a su amante [\u2026], o a sus hijos, con contusiones, o emanaci\u00f3n de sangre, ser\u00e1 castigado con pena de muerte.<\/p>\n<p>Art\u00edculo 38. Al esclavo fugitivo que haya estado fugado durante un mes, a contar desde el d\u00eda en que su due\u00f1o le haya denunciado en la justicia, se le cortar\u00e1n las orejas y ser\u00e1 marcado con una flor de lis en el hombro. Si reincide, se le cortar\u00e1 la corva y ser\u00e1 marcado con una flor de lis sobre el otro hombro.<\/p>\n<p>Art\u00edculo 42. Los due\u00f1os podr\u00e1n, s\u00f3lo cuando crea que sus esclavos lo hayan merecido, hacerlos encadenar y golpearlos con l\u00e1tigos o cuerdas. Pero les prohibimos darles tortura y mutilarlos, bajo pena de confiscarles los esclavos y de actuar contra ellos.<\/p>\n<blockquote><p>Revise ahora los mejores <a href=\"https:\/\/www.seguroslowcost.es\/seguros-comercios-lowcost.html\" target=\"_blank\" rel=\"noopener\">seguros de comercios low cost<\/a>, para que realice la mejor elecci\u00f3n<\/p><\/blockquote>\n<h2><span class=\"ez-toc-section\" id=\"El_Genocidio\"><\/span><strong>El Genocidio<\/strong><span class=\"ez-toc-section-end\"><\/span><\/h2>\n<p>El t\u00e9rmino \u00abgenocidio\u00bb, hace referencia a los cr\u00edmenes masivos cometidos contra grupos de personas de manera sistem\u00e1tica. Este t\u00e9rmino no exist\u00eda antes de 1944. Fue Rafael Lemkin (1900-1959) un abogado jud\u00edo de origen polaco quien cre\u00f3 la palabra \u00abgenocidio\u00bb. Esta resulta de la combinaci\u00f3n del vocablo griego \u201cgeno\u201d que significa raza o tribu, con la palabra del lat\u00edn \u201ccidio\u201d, significa matar.<\/p>\n<p>El a\u00f1o 1945, se form\u00f3 el Tribunal Militar Internacional de Nuremberg a los fines de acusar a los principales nazis de \u00abcr\u00edmenes contra la humanidad\u00bb. Es as\u00ed como la palabra \u00abgenocidio\u00bb como un t\u00e9rmino descriptivo se incluy\u00f3 en el acta. Es decir, esta palabra no ten\u00eda ning\u00fan efecto legal.<\/p>\n<p>En 1948, las Naciones Unidas aprueba la Convenci\u00f3n para la prevenci\u00f3n y la sanci\u00f3n del delito de genocidio. Esta Convenci\u00f3n establece que el \u00abgenocidio\u00bb es un crimen internacional que las naciones firmantes deben \u00abevitar y sancionar\u00bb. En esa Convenci\u00f3n se define al Genocidio, en actos que incluyen matanza, sometimiento, traslado a la fuerza, e impedir el nacimiento en el seno del grupo.<\/p>\n<p>Seg\u00fan algunos datos, las tasas de mortalidad de los esclavos durante el viaje oscilaban entre el 8 y el 12 %. Hombres, mujeres y ni\u00f1os estaban expuestos, a condiciones de insalubridad de las embarcaciones. Estas embarcaciones no ten\u00edan ning\u00fan tipo de regulaci\u00f3n, por lo que generalmente estaban en mal estado.<\/p>\n<p>Se estima que al menos <strong>12 millones de hombres africanos fueron v\u00edctimas de esclavitud gracias a esta estructura de comercio.<\/strong><\/p>\n<p>Es l\u00f3gico suponer, que el objetivo de la esclavitud no era la destrucci\u00f3n f\u00edsica de los indios o de los negros. Sin embargo \u00bfse puede diferenciar la voluntad de exterminar a un grupo por su raza, del hecho de reducir a la esclavitud a unas personas donde tambi\u00e9n ocurrieron las muertes de individuos?<\/p>\n<p>Lo que si es cierto es que \u201cel <strong>comercio triangular\u201d derivo en una hecatombe<\/strong>. Adem\u00e1s, de que el car\u00e1cter genocida de la esclavitud se manifiesta en el hecho de no reconocer a los negros y a los indios como seres humanos. Como aparece en los c\u00f3digos negros de 1681 franc\u00e9s y del c\u00f3digo negro carolino de 1784 espa\u00f1ol, en los que se fijaron las reglas del \u00abcomercio\u00bb y el tratamiento de los \u00abproductos\u00bb adquiridos.<\/p>\n<blockquote><p>Utilice siempre el mejor <a href=\"https:\/\/seguros-de-comercios.seguros-generales.es\/\" target=\"_blank\" rel=\"noopener\">comparador de seguros de comercio<\/a> para encontrar y contratar el mejor seguro disponible.<\/p><\/blockquote>\n","protected":false},"excerpt":{"rendered":"<p>El Comercio Triangular, ha sido banalizado como un sistema de comercio implementado en el oc\u00e9ano Atl\u00e1ntico. Mediante el cual se hac\u00edan transacciones internacionales, que dieron inicio a la globalizaci\u00f3n. Participaban en \u00e9l, tres continentes; Europa, Am\u00e9rica y \u00c1frica. Es realmente infame incluir al continente africano como participe del intercambio comercial, implementado en el Atl\u00e1ntico. No [&hellip;]<\/p>\n","protected":false},"author":1,"featured_media":650,"comment_status":"open","ping_status":"open","sticky":false,"template":"","format":"standard","meta":{"_et_pb_use_builder":"","_et_pb_old_content":"","_et_gb_content_width":"","footnotes":""},"categories":[76],"tags":[],"class_list":["post-649","post","type-post","status-publish","format-standard","has-post-thumbnail","hentry","category-comercios"],"_links":{"self":[{"href":"https:\/\/www.seguros-comercios.es\/blog\/wp-json\/wp\/v2\/posts\/649","targetHints":{"allow":["GET"]}}],"collection":[{"href":"https:\/\/www.seguros-comercios.es\/blog\/wp-json\/wp\/v2\/posts"}],"about":[{"href":"https:\/\/www.seguros-comercios.es\/blog\/wp-json\/wp\/v2\/types\/post"}],"author":[{"embeddable":true,"href":"https:\/\/www.seguros-comercios.es\/blog\/wp-json\/wp\/v2\/users\/1"}],"replies":[{"embeddable":true,"href":"https:\/\/www.seguros-comercios.es\/blog\/wp-json\/wp\/v2\/comments?post=649"}],"version-history":[{"count":2,"href":"https:\/\/www.seguros-comercios.es\/blog\/wp-json\/wp\/v2\/posts\/649\/revisions"}],"predecessor-version":[{"id":1253,"href":"https:\/\/www.seguros-comercios.es\/blog\/wp-json\/wp\/v2\/posts\/649\/revisions\/1253"}],"wp:featuredmedia":[{"embeddable":true,"href":"https:\/\/www.seguros-comercios.es\/blog\/wp-json\/wp\/v2\/media\/650"}],"wp:attachment":[{"href":"https:\/\/www.seguros-comercios.es\/blog\/wp-json\/wp\/v2\/media?parent=649"}],"wp:term":[{"taxonomy":"category","embeddable":true,"href":"https:\/\/www.seguros-comercios.es\/blog\/wp-json\/wp\/v2\/categories?post=649"},{"taxonomy":"post_tag","embeddable":true,"href":"https:\/\/www.seguros-comercios.es\/blog\/wp-json\/wp\/v2\/tags?post=649"}],"curies":[{"name":"wp","href":"https:\/\/api.w.org\/{rel}","templated":true}]}}